{"id":3070,"date":"2026-09-03T06:37:12","date_gmt":"2026-09-03T06:37:12","guid":{"rendered":"https:\/\/laurielle.net\/?p=3070"},"modified":"2026-09-03T06:37:13","modified_gmt":"2026-09-03T06:37:13","slug":"vampiresas-y-portadas","status":"publish","type":"post","link":"https:\/\/laurielle.net\/en\/2026\/09\/03\/vampiresas-y-portadas\/","title":{"rendered":"Vampiresas y portadas"},"content":{"rendered":"\n<figure class=\"wp-block-image size-large\"><img loading=\"lazy\" decoding=\"async\" width=\"726\" height=\"1024\" src=\"https:\/\/laurielle.net\/wp-content\/uploads\/2026\/09\/Portada_redes-726x1024.jpg\" alt=\"\" class=\"wp-image-3071\" srcset=\"https:\/\/laurielle.net\/wp-content\/uploads\/2026\/09\/Portada_redes-726x1024.jpg 726w, https:\/\/laurielle.net\/wp-content\/uploads\/2026\/09\/Portada_redes-213x300.jpg 213w, https:\/\/laurielle.net\/wp-content\/uploads\/2026\/09\/Portada_redes-768x1084.jpg 768w, https:\/\/laurielle.net\/wp-content\/uploads\/2026\/09\/Portada_redes-1088x1536.jpg 1088w, https:\/\/laurielle.net\/wp-content\/uploads\/2026\/09\/Portada_redes-1451x2048.jpg 1451w, https:\/\/laurielle.net\/wp-content\/uploads\/2026\/09\/Portada_redes-scaled.jpg 1814w\" sizes=\"auto, (max-width: 726px) 100vw, 726px\" \/><\/figure>\n\n\n\n<p class=\"wp-block-paragraph\">\u00bfCuenta esto como algo refrescante para el verano? Cam, al menos, se est\u00e1 refrescando.<\/p>\n\n\n\n<p class=\"wp-block-paragraph\">Esta ser\u00e1 la ilustraci\u00f3n de portada del minic\u00f3mic precuela de la teter\u00eda, <em>Una vampiresa entra en un bar<\/em>. Explica c\u00f3mo se conocieron Cam y Liliidae a trav\u00e9s de dos historias cortas. <\/p>\n\n\n\n<p class=\"wp-block-paragraph\">Para esta cubierta ten\u00eda claro que quer\u00eda que tuviera dos &#8216;niveles&#8217;, por un lado el de Liliidae (en &#8216;seco&#8217;) y por otro el de Cam (en el agua). Un poco por representar las dos historias distintas, un poco porque me gustaba el contraste. Inclu\u00ed en los dise\u00f1os hueco para los textos e hice tambi\u00e9n la contraportada, para tener mejor visi\u00f3n de conjunto:<\/p>\n\n\n\n<!--more-->\n\n\n\n<figure class=\"wp-block-image size-large\"><img loading=\"lazy\" decoding=\"async\" width=\"1024\" height=\"721\" src=\"https:\/\/laurielle.net\/wp-content\/uploads\/2026\/09\/Bocetos-portada_linea-1024x721.jpg\" alt=\"\" class=\"wp-image-3073\" srcset=\"https:\/\/laurielle.net\/wp-content\/uploads\/2026\/09\/Bocetos-portada_linea-1024x721.jpg 1024w, https:\/\/laurielle.net\/wp-content\/uploads\/2026\/09\/Bocetos-portada_linea-300x211.jpg 300w, https:\/\/laurielle.net\/wp-content\/uploads\/2026\/09\/Bocetos-portada_linea-768x541.jpg 768w, https:\/\/laurielle.net\/wp-content\/uploads\/2026\/09\/Bocetos-portada_linea-1536x1082.jpg 1536w, https:\/\/laurielle.net\/wp-content\/uploads\/2026\/09\/Bocetos-portada_linea-2048x1442.jpg 2048w\" sizes=\"auto, (max-width: 767px) 89vw, (max-width: 1000px) 54vw, (max-width: 1071px) 543px, 580px\" \/><\/figure>\n\n\n\n<p class=\"wp-block-paragraph\">Como no terminaba de verlo me tom\u00e9 el rato de darles color y poner el tipo de letra que utilizar\u00eda para el t\u00edtulo y d\u00f3nde ir\u00edan los dorados. Porque s\u00ed, adem\u00e1s la portada tendr\u00e1 dorados y eso hay que integrarlo en el dise\u00f1o, que quien los pone pa rellenar es un <em>parguela<\/em>.<\/p>\n\n\n\n<figure class=\"wp-block-image size-large\"><img loading=\"lazy\" decoding=\"async\" width=\"1024\" height=\"724\" src=\"https:\/\/laurielle.net\/wp-content\/uploads\/2026\/09\/Diseno-portada_con-titulos-1024x724.jpg\" alt=\"\" class=\"wp-image-3075\" srcset=\"https:\/\/laurielle.net\/wp-content\/uploads\/2026\/09\/Diseno-portada_con-titulos-1024x724.jpg 1024w, https:\/\/laurielle.net\/wp-content\/uploads\/2026\/09\/Diseno-portada_con-titulos-300x212.jpg 300w, https:\/\/laurielle.net\/wp-content\/uploads\/2026\/09\/Diseno-portada_con-titulos-768x543.jpg 768w, https:\/\/laurielle.net\/wp-content\/uploads\/2026\/09\/Diseno-portada_con-titulos-1536x1086.jpg 1536w, https:\/\/laurielle.net\/wp-content\/uploads\/2026\/09\/Diseno-portada_con-titulos-2048x1448.jpg 2048w\" sizes=\"auto, (max-width: 767px) 89vw, (max-width: 1000px) 54vw, (max-width: 1071px) 543px, 580px\" \/><\/figure>\n\n\n\n<p class=\"wp-block-paragraph\">Creo que cualquiera de los dise\u00f1os podr\u00eda haber funcionado, pero el contraste entre la Liliidae pipiola y la Cam mat\u00e1ndose a cuchillazos era m\u00e1s fuerte en el C. Adem\u00e1s, la l\u00ednea del agua ayuda a resaltar el texto.<\/p>\n\n\n\n<p class=\"wp-block-paragraph\">Una vez claro qu\u00e9 quer\u00eda, era cuesti\u00f3n de ponerse a dibujar y <strong>darle duro a la paleta de rojos:<\/strong><\/p>\n\n\n\n<figure class=\"wp-block-image size-large\"><img loading=\"lazy\" decoding=\"async\" width=\"1024\" height=\"576\" src=\"https:\/\/laurielle.net\/wp-content\/uploads\/2026\/09\/Vampiresa_1-1024x576.jpg\" alt=\"\" class=\"wp-image-3076\" srcset=\"https:\/\/laurielle.net\/wp-content\/uploads\/2026\/09\/Vampiresa_1-1024x576.jpg 1024w, https:\/\/laurielle.net\/wp-content\/uploads\/2026\/09\/Vampiresa_1-300x169.jpg 300w, https:\/\/laurielle.net\/wp-content\/uploads\/2026\/09\/Vampiresa_1-768x432.jpg 768w, https:\/\/laurielle.net\/wp-content\/uploads\/2026\/09\/Vampiresa_1-1536x864.jpg 1536w, https:\/\/laurielle.net\/wp-content\/uploads\/2026\/09\/Vampiresa_1.jpg 1920w\" sizes=\"auto, (max-width: 767px) 89vw, (max-width: 1000px) 54vw, (max-width: 1071px) 543px, 580px\" \/><\/figure>\n\n\n\n<p class=\"wp-block-paragraph\">Para la parte de Cam (y el bicho con el que se est\u00e1 peleando) utilic\u00e9 una paleta monocroma, que ayuda a dejar claro que est\u00e1 bajo el agua pero sobre todo <strong>ayuda a separarla de Liliidae<\/strong> y que no compita por la atenci\u00f3n.<\/p>\n\n\n\n<figure class=\"wp-block-image size-large\"><img loading=\"lazy\" decoding=\"async\" width=\"1024\" height=\"576\" src=\"https:\/\/laurielle.net\/wp-content\/uploads\/2026\/09\/Vampiresa_2-1024x576.jpg\" alt=\"\" class=\"wp-image-3077\" srcset=\"https:\/\/laurielle.net\/wp-content\/uploads\/2026\/09\/Vampiresa_2-1024x576.jpg 1024w, https:\/\/laurielle.net\/wp-content\/uploads\/2026\/09\/Vampiresa_2-300x169.jpg 300w, https:\/\/laurielle.net\/wp-content\/uploads\/2026\/09\/Vampiresa_2-768x432.jpg 768w, https:\/\/laurielle.net\/wp-content\/uploads\/2026\/09\/Vampiresa_2-1536x864.jpg 1536w, https:\/\/laurielle.net\/wp-content\/uploads\/2026\/09\/Vampiresa_2.jpg 1920w\" sizes=\"auto, (max-width: 767px) 89vw, (max-width: 1000px) 54vw, (max-width: 1071px) 543px, 580px\" \/><\/figure>\n\n\n\n<p class=\"wp-block-paragraph\">Si participasteis en el Verkami del <a href=\"https:\/\/www.verkami.com\/projects\/43097-la-taza-medio-llena-volumen-1\">tomo 1 de La Taza Medio Llena<\/a>, este c\u00f3mic ser\u00e1 parte de las recompensas. Y si no participasteis (o no pillasteis el minic\u00f3mic), los ejemplares que sobren estar\u00e1n <a href=\"https:\/\/laurielle.bigcartel.com\">disponibles en mi tienda online a finales de a\u00f1o<\/a>. \u00a1Os recomiendo <a href=\"https:\/\/mailchi.mp\/ca4d41d1d6db\/newsletter-laurielle\">apuntaros a mi newsletter<\/a> para que os llegue aviso cuando est\u00e9n!<\/p>\n","protected":false},"excerpt":{"rendered":"<p>\u00bfCuenta esto como algo refrescante para el verano? Cam, al menos, se est\u00e1 refrescando. Esta ser\u00e1 la ilustraci\u00f3n de portada del minic\u00f3mic precuela de la teter\u00eda, Una vampiresa entra en un bar. Explica c\u00f3mo se conocieron Cam y Liliidae a trav\u00e9s de dos historias cortas. Para esta cubierta ten\u00eda claro que quer\u00eda que tuviera dos &hellip; <\/p>\n<p class=\"link-more\"><a href=\"https:\/\/laurielle.net\/en\/2026\/09\/03\/vampiresas-y-portadas\/\" class=\"more-link\">Continue reading<span class=\"screen-reader-text\"> &#8220;Vampiresas y portadas&#8221;<\/span><\/a><\/p>\n","protected":false},"author":1,"featured_media":0,"comment_status":"closed","ping_status":"closed","sticky":false,"template":"","format":"standard","meta":{"footnotes":""},"categories":[5,116],"tags":[7,16,120,206,67,210],"class_list":["post-3070","post","type-post","status-publish","format-standard","hentry","category-comics","category-la-taza-medio-llena","tag-fantasia","tag-hacer-comics","tag-la-taza-medio-llena","tag-minicomic","tag-portadas","tag-precuela"],"translation":{"provider":"WPGlobus","version":"3.0.2","language":"en","enabled_languages":["es","en"],"languages":{"es":{"title":true,"content":true,"excerpt":false},"en":{"title":false,"content":false,"excerpt":false}}},"_links":{"self":[{"href":"https:\/\/laurielle.net\/en\/wp-json\/wp\/v2\/posts\/3070","targetHints":{"allow":["GET"]}}],"collection":[{"href":"https:\/\/laurielle.net\/en\/wp-json\/wp\/v2\/posts"}],"about":[{"href":"https:\/\/laurielle.net\/en\/wp-json\/wp\/v2\/types\/post"}],"author":[{"embeddable":true,"href":"https:\/\/laurielle.net\/en\/wp-json\/wp\/v2\/users\/1"}],"replies":[{"embeddable":true,"href":"https:\/\/laurielle.net\/en\/wp-json\/wp\/v2\/comments?post=3070"}],"version-history":[{"count":2,"href":"https:\/\/laurielle.net\/en\/wp-json\/wp\/v2\/posts\/3070\/revisions"}],"predecessor-version":[{"id":3078,"href":"https:\/\/laurielle.net\/en\/wp-json\/wp\/v2\/posts\/3070\/revisions\/3078"}],"wp:attachment":[{"href":"https:\/\/laurielle.net\/en\/wp-json\/wp\/v2\/media?parent=3070"}],"wp:term":[{"taxonomy":"category","embeddable":true,"href":"https:\/\/laurielle.net\/en\/wp-json\/wp\/v2\/categories?post=3070"},{"taxonomy":"post_tag","embeddable":true,"href":"https:\/\/laurielle.net\/en\/wp-json\/wp\/v2\/tags?post=3070"}],"curies":[{"name":"wp","href":"https:\/\/api.w.org\/{rel}","templated":true}]}}