{"id":261,"date":"2018-12-18T21:11:39","date_gmt":"2018-12-18T21:11:39","guid":{"rendered":"http:\/\/laurielle.net\/?p=261"},"modified":"2019-10-18T10:32:58","modified_gmt":"2019-10-18T10:32:58","slug":"inkteaber-saldra-en-papel","status":"publish","type":"post","link":"https:\/\/laurielle.net\/en\/2018\/12\/18\/inkteaber-saldra-en-papel\/","title":{"rendered":"\u00a1Inkteaber saldr\u00e1 en papel!"},"content":{"rendered":"<p>\u00a1Muy buenas!<a href=\"https:\/\/www.verkami.com\/projects\/22125-inkteaber-te-y-dibujos\/blog\/38732-verkami-conseguido-bonicos-que-sois-unos-bonicos\">&nbsp;\u00a1Hemos completado el Verkami! <\/a>(pausa para gritar por la ventana) \u00a1Va a salir en papel! \u00a1Y con un mont\u00f3n de extras y cosas guays! (m\u00e1s gritos)&nbsp; Os hac\u00eda as\u00ed a todos:<\/p>\n<p><img decoding=\"async\" class=\"aligncenter\" src=\"https:\/\/dg9aaz8jl1ktt.cloudfront.net\/uploaded_files\/000\/196\/203\/verkami_867bac0afc18bbdb45f6396163ddc1f5.jpg?1545214029\" alt=\"Os hac\u00c3\u00ada as\u00c3\u00ad\"><\/p>\n<p>Para celebrarlo, aqu\u00ed ten\u00e9is la portada del c\u00f3mic, que pronto ir\u00e1 a imprenta y luego a las casas de la gente, para extender la palabra tetera ^^<\/p>\n<p><img loading=\"lazy\" decoding=\"async\" class=\"aligncenter size-full wp-image-264\" src=\"http:\/\/laurielle.net\/wp-content\/uploads\/2018\/12\/Portada_v1_RGB.jpg\" alt=\"\" width=\"358\" height=\"500\" srcset=\"https:\/\/laurielle.net\/wp-content\/uploads\/2018\/12\/Portada_v1_RGB.jpg 358w, https:\/\/laurielle.net\/wp-content\/uploads\/2018\/12\/Portada_v1_RGB-215x300.jpg 215w\" sizes=\"auto, (max-width: 358px) 100vw, 358px\" \/><\/p>\n<p>Si no llegasteis a tiempo al Verkami, <a href=\"https:\/\/laurielle.bigcartel.com\/\">lo pod\u00e9is pillar en mi tienda online<\/a>. \u00a1Y gracias de nuevo, sois lo m\u00e1s mejor!<\/p>\n","protected":false},"excerpt":{"rendered":"<p>\u00a1Muy buenas!&nbsp;\u00a1Hemos completado el Verkami! (pausa para gritar por la ventana) \u00a1Va a salir en papel! \u00a1Y con un mont\u00f3n de extras y cosas guays! (m\u00e1s gritos)&nbsp; Os hac\u00eda as\u00ed a todos: Para celebrarlo, aqu\u00ed ten\u00e9is la portada del c\u00f3mic, que pronto ir\u00e1 a imprenta y luego a las casas de la gente, para extender &hellip; <\/p>\n<p class=\"link-more\"><a href=\"https:\/\/laurielle.net\/en\/2018\/12\/18\/inkteaber-saldra-en-papel\/\" class=\"more-link\">Continue reading<span class=\"screen-reader-text\"> &#8220;\u00a1Inkteaber saldr\u00e1 en papel!&#8221;<\/span><\/a><\/p>\n","protected":false},"author":1,"featured_media":0,"comment_status":"closed","ping_status":"closed","sticky":false,"template":"","format":"standard","meta":{"footnotes":""},"categories":[25],"tags":[26,28,36,27],"class_list":["post-261","post","type-post","status-publish","format-standard","hentry","category-inkteaber","tag-artbook","tag-inkteaber","tag-inktober","tag-verkami"],"translation":{"provider":"WPGlobus","version":"3.0.2","language":"en","enabled_languages":["es","en"],"languages":{"es":{"title":true,"content":true,"excerpt":false},"en":{"title":false,"content":false,"excerpt":false}}},"_links":{"self":[{"href":"https:\/\/laurielle.net\/en\/wp-json\/wp\/v2\/posts\/261","targetHints":{"allow":["GET"]}}],"collection":[{"href":"https:\/\/laurielle.net\/en\/wp-json\/wp\/v2\/posts"}],"about":[{"href":"https:\/\/laurielle.net\/en\/wp-json\/wp\/v2\/types\/post"}],"author":[{"embeddable":true,"href":"https:\/\/laurielle.net\/en\/wp-json\/wp\/v2\/users\/1"}],"replies":[{"embeddable":true,"href":"https:\/\/laurielle.net\/en\/wp-json\/wp\/v2\/comments?post=261"}],"version-history":[{"count":5,"href":"https:\/\/laurielle.net\/en\/wp-json\/wp\/v2\/posts\/261\/revisions"}],"predecessor-version":[{"id":293,"href":"https:\/\/laurielle.net\/en\/wp-json\/wp\/v2\/posts\/261\/revisions\/293"}],"wp:attachment":[{"href":"https:\/\/laurielle.net\/en\/wp-json\/wp\/v2\/media?parent=261"}],"wp:term":[{"taxonomy":"category","embeddable":true,"href":"https:\/\/laurielle.net\/en\/wp-json\/wp\/v2\/categories?post=261"},{"taxonomy":"post_tag","embeddable":true,"href":"https:\/\/laurielle.net\/en\/wp-json\/wp\/v2\/tags?post=261"}],"curies":[{"name":"wp","href":"https:\/\/api.w.org\/{rel}","templated":true}]}}